{"id":2451,"date":"2021-07-01T16:16:04","date_gmt":"2021-07-01T16:16:04","guid":{"rendered":"https:\/\/www.puzzlemotor.com\/?p=2451"},"modified":"2021-09-01T17:16:51","modified_gmt":"2021-09-01T17:16:51","slug":"rafa-gil-y-juan-carlos-gil-completan-en-quinta-posicion-el-xxxi-rallye-de-la-ceramica","status":"publish","type":"post","link":"https:\/\/www.puzzlemotor.com\/index.php\/2021\/07\/01\/rafa-gil-y-juan-carlos-gil-completan-en-quinta-posicion-el-xxxi-rallye-de-la-ceramica\/","title":{"rendered":"Rafa Gil y Juan Carlos Gil completan en quinta posici\u00f3n el XXXI Rallye de la Cer\u00e1mica"},"content":{"rendered":"\t\t<div data-elementor-type=\"wp-post\" data-elementor-id=\"2451\" class=\"elementor elementor-2451\" data-elementor-post-type=\"post\">\n\t\t\t\t\t\t<section class=\"elementor-section elementor-top-section elementor-element elementor-element-68e2fafd elementor-section-boxed elementor-section-height-default elementor-section-height-default\" data-id=\"68e2fafd\" data-element_type=\"section\" data-e-type=\"section\" data-settings=\"{&quot;background_background&quot;:&quot;classic&quot;}\">\n\t\t\t\t\t\t<div class=\"elementor-container elementor-column-gap-no\">\n\t\t\t\t\t<div class=\"elementor-column elementor-col-100 elementor-top-column elementor-element elementor-element-fa2509b\" data-id=\"fa2509b\" data-element_type=\"column\" data-e-type=\"column\">\n\t\t\t<div class=\"elementor-widget-wrap elementor-element-populated\">\n\t\t\t\t\t\t<div class=\"elementor-element elementor-element-64cf14ab elementor-position-inline-end elementor-view-default elementor-mobile-position-block-start elementor-widget elementor-widget-icon-box\" data-id=\"64cf14ab\" data-element_type=\"widget\" data-e-type=\"widget\" data-widget_type=\"icon-box.default\">\n\t\t\t\t<div class=\"elementor-widget-container\">\n\t\t\t\t\t\t\t<div class=\"elementor-icon-box-wrapper\">\n\n\t\t\t\t\t\t<div class=\"elementor-icon-box-icon\">\n\t\t\t\t<span  class=\"elementor-icon\">\n\t\t\t\t<i aria-hidden=\"true\" class=\"fas fa-newspaper\"><\/i>\t\t\t\t<\/span>\n\t\t\t<\/div>\n\t\t\t\n\t\t\t\t\t\t<div class=\"elementor-icon-box-content\">\n\n\t\t\t\t\t\t\t\t\t<span class=\"elementor-icon-box-title\">\n\t\t\t\t\t\t<span  >\n\t\t\t\t\t\t\t01\/07\/2021\t\t\t\t\t\t<\/span>\n\t\t\t\t\t<\/span>\n\t\t\t\t\n\t\t\t\t\n\t\t\t<\/div>\n\t\t\t\n\t\t<\/div>\n\t\t\t\t\t\t<\/div>\n\t\t\t\t<\/div>\n\t\t\t\t\t<\/div>\n\t\t<\/div>\n\t\t\t\t\t<\/div>\n\t\t<\/section>\n\t\t\t\t<section class=\"elementor-section elementor-top-section elementor-element elementor-element-102134ee elementor-section-boxed elementor-section-height-default elementor-section-height-default\" data-id=\"102134ee\" data-element_type=\"section\" data-e-type=\"section\">\n\t\t\t\t\t\t<div class=\"elementor-container elementor-column-gap-no\">\n\t\t\t\t\t<div class=\"elementor-column elementor-col-100 elementor-top-column elementor-element elementor-element-78c42c18\" data-id=\"78c42c18\" data-element_type=\"column\" data-e-type=\"column\">\n\t\t\t<div class=\"elementor-widget-wrap elementor-element-populated\">\n\t\t\t\t\t\t<div class=\"elementor-element elementor-element-77d592d7 elementor-widget elementor-widget-text-editor\" data-id=\"77d592d7\" data-element_type=\"widget\" data-e-type=\"widget\" data-widget_type=\"text-editor.default\">\n\t\t\t\t<div class=\"elementor-widget-container\">\n\t\t\t\t\t\t\t\t\t<p>PuzzleMotor, representado por Rafa Gil y Juan Carlos Gil en el Rallye de la Cer\u00e1mica con el Peugeot 208 Rally4 del equipo, complet\u00f3 su objetivo de seguir con la racha de buenos resultados en el regional de la comunidad valenciana.<\/p>\n<p>Tras la primera prueba celebrada hace unas semanas en Gand\u00eda, asist\u00edamos a la prueba organizada por Rallye Club Costa Azahar con los Hnos Gil en su lucha por estar en la pelea del t\u00edtulo de la especialidad as\u00ed como de su categor\u00eda. Con un formato de ocho tramos cronometrados, repartidos todos ellos en la jornada del s\u00e1bado, Rafa Gil y Juan Carlos Gil fueron superando las especiales con un ritmo de menos a m\u00e1s, siendo el primer equipo &#8216;de los mortales&#8217; clasificado, con una quinta plaza en la general scratch, por detr\u00e1s de monturas superiores y de tracci\u00f3n total.<\/p>\n<p>Con este quinto puesto, los Gil siguen aumentando su racha de buenos resultados, consiguiendo auparse a la segunda plaza del certamen auton\u00f3mico y afrontar\u00e1n el segundo semestre de la temporada con ilusi\u00f3n y ganas de seguir haciendo un buen papel.<\/p>\t\t\t\t\t\t\t\t<\/div>\n\t\t\t\t<\/div>\n\t\t\t\t\t<\/div>\n\t\t<\/div>\n\t\t\t\t\t<\/div>\n\t\t<\/section>\n\t\t\t\t<section class=\"elementor-section elementor-top-section elementor-element elementor-element-45fe8806 elementor-section-boxed elementor-section-height-default elementor-section-height-default\" data-id=\"45fe8806\" data-element_type=\"section\" data-e-type=\"section\">\n\t\t\t\t\t\t<div class=\"elementor-container elementor-column-gap-no\">\n\t\t\t\t\t<div class=\"elementor-column elementor-col-100 elementor-top-column elementor-element elementor-element-12acd8ca\" data-id=\"12acd8ca\" data-element_type=\"column\" data-e-type=\"column\">\n\t\t\t<div class=\"elementor-widget-wrap elementor-element-populated\">\n\t\t\t\t\t\t<div class=\"elementor-element elementor-element-abcb462 elementor-widget elementor-widget-text-editor\" data-id=\"abcb462\" data-element_type=\"widget\" data-e-type=\"widget\" data-widget_type=\"text-editor.default\">\n\t\t\t\t<div class=\"elementor-widget-container\">\n\t\t\t\t\t\t\t\t\t<h6><i style=\"color: var( --e-global-color-text ); font-family: var( --e-global-typography-text-font-family ), Sans-serif; font-weight: var( --e-global-typography-text-font-weight ); font-size: 16px; word-spacing: normal;\"><span style=\"font-weight: bold;\">#puzzlepasion<\/span><\/i><\/h6><p style=\"color: #7a7a7a; font-family: Roboto, sans-serif; font-size: 16px; font-weight: 400;\"><i><span style=\"font-weight: bold;\">#puzzlerent<\/span><\/i><\/p><p style=\"color: #7a7a7a; font-family: Roboto, sans-serif; font-size: 16px; font-weight: 400;\"><span style=\"color: #104291;\"><span style=\"font-weight: bold;\">Rallycar<span style=\"color: #999999;\">\u00a0|\u00a0<\/span>Coca Motor Rally<\/span><\/span><span style=\"color: #999999; font-weight: bold; font-family: var( --e-global-typography-text-font-family ), Sans-serif; word-spacing: normal;\">\u00a0<\/span><span style=\"color: #999999; font-weight: bold; font-family: var( --e-global-typography-text-font-family ), Sans-serif; word-spacing: normal;\">|<\/span><span style=\"color: #999999; font-weight: bold; font-family: var( --e-global-typography-text-font-family ), Sans-serif; word-spacing: normal;\">\u00a0<\/span><span style=\"font-weight: bold; color: #104291; font-family: var( --e-global-typography-text-font-family ), Sans-serif; word-spacing: normal;\">Turismo As Pontes<span style=\"color: #999999;\">\u00a0|\u00a0<\/span>As Pontes Motorsport<span style=\"color: #999999;\">\u00a0|\u00a0<\/span>Concello de As Pontes<span style=\"color: #999999;\">\u00a0|\u00a0<\/span>La Tula Sport<span style=\"color: #999999;\">\u00a0|<\/span>\u00a0PuzzleMotor<span style=\"color: #999999;\">\u00a0|\u00a0<\/span>Gadis<span style=\"color: #999999;\">\u00a0|\u00a0<\/span>KobeMotorSport<span style=\"color: #999999;\">\u00a0|\u00a0<\/span>PuzzleRent<span style=\"color: #999999;\">\u00a0|\u00a0<\/span>Yakart<span style=\"color: #999999;\">\u00a0|\u00a0<\/span>Matojoma<span style=\"color: #999999;\">\u00a0|\u00a0<\/span>Nauta<span style=\"color: #999999;\">\u00a0|\u00a0<\/span>PTC<span style=\"color: #999999;\">\u00a0|\u00a0<\/span>Doce Sport<span style=\"color: #999999;\">\u00a0|\u00a0<\/span>Marmolera Pontesa\u00a0<span style=\"color: #999999;\">|\u00a0<\/span>Begrauto Automoci\u00f3n<span style=\"color: #999999;\">\u00a0|\u00a0<\/span>Carpinter\u00eda Caz\u00e1s<span style=\"color: #999999;\">\u00a0|\u00a0<\/span>Lubricar<span style=\"color: #999999;\">\u00a0|\u00a0<\/span>Otero Racing Service<\/span><\/p>\t\t\t\t\t\t\t\t<\/div>\n\t\t\t\t<\/div>\n\t\t\t\t\t<\/div>\n\t\t<\/div>\n\t\t\t\t\t<\/div>\n\t\t<\/section>\n\t\t\t\t<\/div>\n\t\t","protected":false},"excerpt":{"rendered":"<p>PuzzleMotor, representado por Rafa Gil y Juan Carlos Gil en el Rallye de la Cer\u00e1mica con el Peugeot 208 Rally4 del equipo, complet\u00f3 su objetivo de seguir con la racha de buenos resultados en el regional de la comunidad valenciana.<\/p>\n","protected":false},"author":1,"featured_media":2456,"comment_status":"closed","ping_status":"open","sticky":false,"template":"","format":"standard","meta":{"footnotes":""},"categories":[2],"tags":[33],"class_list":["post-2451","post","type-post","status-publish","format-standard","has-post-thumbnail","hentry","category-noticias","tag-33"],"_links":{"self":[{"href":"https:\/\/www.puzzlemotor.com\/index.php\/wp-json\/wp\/v2\/posts\/2451","targetHints":{"allow":["GET"]}}],"collection":[{"href":"https:\/\/www.puzzlemotor.com\/index.php\/wp-json\/wp\/v2\/posts"}],"about":[{"href":"https:\/\/www.puzzlemotor.com\/index.php\/wp-json\/wp\/v2\/types\/post"}],"author":[{"embeddable":true,"href":"https:\/\/www.puzzlemotor.com\/index.php\/wp-json\/wp\/v2\/users\/1"}],"replies":[{"embeddable":true,"href":"https:\/\/www.puzzlemotor.com\/index.php\/wp-json\/wp\/v2\/comments?post=2451"}],"version-history":[{"count":8,"href":"https:\/\/www.puzzlemotor.com\/index.php\/wp-json\/wp\/v2\/posts\/2451\/revisions"}],"predecessor-version":[{"id":2628,"href":"https:\/\/www.puzzlemotor.com\/index.php\/wp-json\/wp\/v2\/posts\/2451\/revisions\/2628"}],"wp:featuredmedia":[{"embeddable":true,"href":"https:\/\/www.puzzlemotor.com\/index.php\/wp-json\/wp\/v2\/media\/2456"}],"wp:attachment":[{"href":"https:\/\/www.puzzlemotor.com\/index.php\/wp-json\/wp\/v2\/media?parent=2451"}],"wp:term":[{"taxonomy":"category","embeddable":true,"href":"https:\/\/www.puzzlemotor.com\/index.php\/wp-json\/wp\/v2\/categories?post=2451"},{"taxonomy":"post_tag","embeddable":true,"href":"https:\/\/www.puzzlemotor.com\/index.php\/wp-json\/wp\/v2\/tags?post=2451"}],"curies":[{"name":"wp","href":"https:\/\/api.w.org\/{rel}","templated":true}]}}