{"id":2368,"date":"2021-06-02T19:29:34","date_gmt":"2021-06-02T19:29:34","guid":{"rendered":"https:\/\/www.puzzlemotor.com\/?p=2368"},"modified":"2021-06-02T19:40:26","modified_gmt":"2021-06-02T19:40:26","slug":"puzzlemotor-inicia-el-mes-de-junio-en-auga-con-seis-coches","status":"publish","type":"post","link":"https:\/\/www.puzzlemotor.com\/index.php\/2021\/06\/02\/puzzlemotor-inicia-el-mes-de-junio-en-auga-con-seis-coches\/","title":{"rendered":"PuzzleMotor inicia el mes de junio en Auga con seis coches"},"content":{"rendered":"\t\t<div data-elementor-type=\"wp-post\" data-elementor-id=\"2368\" class=\"elementor elementor-2368\" data-elementor-post-type=\"post\">\n\t\t\t\t\t\t<section class=\"elementor-section elementor-top-section elementor-element elementor-element-68e2fafd elementor-section-boxed elementor-section-height-default elementor-section-height-default\" data-id=\"68e2fafd\" data-element_type=\"section\" data-e-type=\"section\" data-settings=\"{&quot;background_background&quot;:&quot;classic&quot;}\">\n\t\t\t\t\t\t<div class=\"elementor-container elementor-column-gap-no\">\n\t\t\t\t\t<div class=\"elementor-column elementor-col-100 elementor-top-column elementor-element elementor-element-fa2509b\" data-id=\"fa2509b\" data-element_type=\"column\" data-e-type=\"column\">\n\t\t\t<div class=\"elementor-widget-wrap elementor-element-populated\">\n\t\t\t\t\t\t<div class=\"elementor-element elementor-element-64cf14ab elementor-position-inline-end elementor-view-default elementor-mobile-position-block-start elementor-widget elementor-widget-icon-box\" data-id=\"64cf14ab\" data-element_type=\"widget\" data-e-type=\"widget\" data-widget_type=\"icon-box.default\">\n\t\t\t\t<div class=\"elementor-widget-container\">\n\t\t\t\t\t\t\t<div class=\"elementor-icon-box-wrapper\">\n\n\t\t\t\t\t\t<div class=\"elementor-icon-box-icon\">\n\t\t\t\t<span  class=\"elementor-icon\">\n\t\t\t\t<i aria-hidden=\"true\" class=\"fas fa-newspaper\"><\/i>\t\t\t\t<\/span>\n\t\t\t<\/div>\n\t\t\t\n\t\t\t\t\t\t<div class=\"elementor-icon-box-content\">\n\n\t\t\t\t\t\t\t\t\t<span class=\"elementor-icon-box-title\">\n\t\t\t\t\t\t<span  >\n\t\t\t\t\t\t\t02\/06\/2021\t\t\t\t\t\t<\/span>\n\t\t\t\t\t<\/span>\n\t\t\t\t\n\t\t\t\t\n\t\t\t<\/div>\n\t\t\t\n\t\t<\/div>\n\t\t\t\t\t\t<\/div>\n\t\t\t\t<\/div>\n\t\t\t\t\t<\/div>\n\t\t<\/div>\n\t\t\t\t\t<\/div>\n\t\t<\/section>\n\t\t\t\t<section class=\"elementor-section elementor-top-section elementor-element elementor-element-102134ee elementor-section-boxed elementor-section-height-default elementor-section-height-default\" data-id=\"102134ee\" data-element_type=\"section\" data-e-type=\"section\">\n\t\t\t\t\t\t<div class=\"elementor-container elementor-column-gap-no\">\n\t\t\t\t\t<div class=\"elementor-column elementor-col-100 elementor-top-column elementor-element elementor-element-78c42c18\" data-id=\"78c42c18\" data-element_type=\"column\" data-e-type=\"column\">\n\t\t\t<div class=\"elementor-widget-wrap elementor-element-populated\">\n\t\t\t\t\t\t<div class=\"elementor-element elementor-element-77d592d7 elementor-widget elementor-widget-text-editor\" data-id=\"77d592d7\" data-element_type=\"widget\" data-e-type=\"widget\" data-widget_type=\"text-editor.default\">\n\t\t\t\t<div class=\"elementor-widget-container\">\n\t\t\t\t\t\t\t\t\t<p>La estructura gallega acude al Rally da Auga &#8211; Cami\u00f1o de Santiago, segunda prueba de la Copa de Espa\u00f1a de Rallyes de Tierra GT2i con siete coche a los que realizar la asistencia.<\/p><p>En un formato de doble jornada con un tramo en la etapa del viernes y ocho en la del s\u00e1bado, tendremos doble raci\u00f3n de acci\u00f3n en busca de seguir con las buenas sensaciones tras la prueba inaugural, el Rallye Tierras Altas de Lorca.<\/p><p>Actualmente lideramos la Copa Kobe Motor con Benjam\u00edn Avella y Agust\u00edn Alem\u00e1n, quienes intentar\u00e1n defender el liderato en Galicia siendo uno de los equipos que estar\u00e1 con nosotros.<\/p><p>Adem\u00e1s de la dupla canaria, \u00d3scar Bueno y Javier Fern\u00e1ndez buscar\u00e1n la victoria tras el tercer puesto de la primera prueba superando una ligera aver\u00eda en su unidad.<\/p><p>Por su parte, Javier Garc\u00eda y Roc\u00edo Guerrero seguir\u00e1n adapt\u00e1ndose a la montura en esta prueba con otro peque\u00f1o Toyota Aygo.<\/p><p>Fuera de la Kobe Motor, tendremos a Unai Garc\u00eda y Eguzki\u00f1e Enr\u00edquez peleando por el triunfo en la Copa 2RM dentro del apartado N3, mientras que Pedro \u00c1ngel Blanco y Carlos Gonz\u00e1lez haciendo lo propio en la categor\u00eda Proto de la misma copa.<\/p><p>Fuera de las copas, tendremos a Franc Oliv\u00e9 y Ricard Aulet con un BMW 328i.<\/p>\t\t\t\t\t\t\t\t<\/div>\n\t\t\t\t<\/div>\n\t\t\t\t\t<\/div>\n\t\t<\/div>\n\t\t\t\t\t<\/div>\n\t\t<\/section>\n\t\t\t\t<section class=\"elementor-section elementor-top-section elementor-element elementor-element-45fe8806 elementor-section-boxed elementor-section-height-default elementor-section-height-default\" data-id=\"45fe8806\" data-element_type=\"section\" data-e-type=\"section\">\n\t\t\t\t\t\t<div class=\"elementor-container elementor-column-gap-no\">\n\t\t\t\t\t<div class=\"elementor-column elementor-col-100 elementor-top-column elementor-element elementor-element-12acd8ca\" data-id=\"12acd8ca\" data-element_type=\"column\" data-e-type=\"column\">\n\t\t\t<div class=\"elementor-widget-wrap elementor-element-populated\">\n\t\t\t\t\t\t<div class=\"elementor-element elementor-element-abcb462 elementor-widget elementor-widget-text-editor\" data-id=\"abcb462\" data-element_type=\"widget\" data-e-type=\"widget\" data-widget_type=\"text-editor.default\">\n\t\t\t\t<div class=\"elementor-widget-container\">\n\t\t\t\t\t\t\t\t\t<h6><strong><span style=\"color: #999999;\"><em style=\"font-weight: normal;\">Foto:<\/em><\/span><\/strong><span style=\"color: #999999;\"><em style=\"font-weight: normal;\"><strong> Adri\u00e1n Hdez (latulasport.es<\/strong>)<\/em><\/span><\/h6><p><i style=\"color: var( --e-global-color-text ); font-family: var( --e-global-typography-text-font-family ), Sans-serif; font-weight: var( --e-global-typography-text-font-weight ); word-spacing: normal;\"><b>#puzzlepasion<br \/><\/b><\/i><i><b>#puzzlerent<\/b><\/i><\/p><p><span style=\"color: #104291;\"><strong>Grupo farma10<span style=\"color: #999999;\"> | <\/span>Rallycar<span style=\"color: #999999;\"> | <\/span> Turismo As Pontes<span style=\"color: #999999;\"> | <\/span>As Pontes Motorsport<span style=\"color: #999999;\"> | <\/span>Concello de As Pontes<span style=\"color: #999999;\"> | <\/span>La Tula Sport<span style=\"color: #999999;\"> |<\/span> PuzzleMotor<span style=\"color: #999999;\"> | <\/span>Gadis<span style=\"color: #999999;\"> | <\/span> KobeMotorSport<span style=\"color: #999999;\"> | <\/span>PuzzleRent<span style=\"color: #999999;\"> | <\/span> Yakart<span style=\"color: #999999;\"> | <\/span>Matojoma<span style=\"color: #999999;\"> | <\/span>Nauta<span style=\"color: #999999;\"> | <\/span>PTC<span style=\"color: #999999;\"> | <\/span> Doce Sport<span style=\"color: #999999;\"> | <\/span>Marmolera Pontesa <span style=\"color: #999999;\"> | <\/span>Begrauto Automoci\u00f3n<span style=\"color: #999999;\"> | <\/span> Carpinter\u00eda Caz\u00e1s<span style=\"color: #999999;\"> | <\/span>RallyCar<span style=\"color: #999999;\"> | <\/span> Lubricar<span style=\"color: #999999;\"> | <\/span>Otero Racing Service<\/strong><\/span><\/p>\t\t\t\t\t\t\t\t<\/div>\n\t\t\t\t<\/div>\n\t\t\t\t\t<\/div>\n\t\t<\/div>\n\t\t\t\t\t<\/div>\n\t\t<\/section>\n\t\t\t\t<\/div>\n\t\t","protected":false},"excerpt":{"rendered":"<p>La estructura gallega acude al Rally da Auga &#8211; Cami\u00f1o de Santiago, segunda prueba de la Copa de Espa\u00f1a de Rallyes de Tierra GT2i con siete coche a los que realizar la asistencia. <\/p>\n","protected":false},"author":1,"featured_media":2369,"comment_status":"closed","ping_status":"open","sticky":false,"template":"","format":"standard","meta":{"footnotes":""},"categories":[2],"tags":[33,38,37,35],"class_list":["post-2368","post","type-post","status-publish","format-standard","has-post-thumbnail","hentry","category-noticias","tag-33","tag-copa-kobe","tag-kumho-n3","tag-scer"],"_links":{"self":[{"href":"https:\/\/www.puzzlemotor.com\/index.php\/wp-json\/wp\/v2\/posts\/2368","targetHints":{"allow":["GET"]}}],"collection":[{"href":"https:\/\/www.puzzlemotor.com\/index.php\/wp-json\/wp\/v2\/posts"}],"about":[{"href":"https:\/\/www.puzzlemotor.com\/index.php\/wp-json\/wp\/v2\/types\/post"}],"author":[{"embeddable":true,"href":"https:\/\/www.puzzlemotor.com\/index.php\/wp-json\/wp\/v2\/users\/1"}],"replies":[{"embeddable":true,"href":"https:\/\/www.puzzlemotor.com\/index.php\/wp-json\/wp\/v2\/comments?post=2368"}],"version-history":[{"count":5,"href":"https:\/\/www.puzzlemotor.com\/index.php\/wp-json\/wp\/v2\/posts\/2368\/revisions"}],"predecessor-version":[{"id":2374,"href":"https:\/\/www.puzzlemotor.com\/index.php\/wp-json\/wp\/v2\/posts\/2368\/revisions\/2374"}],"wp:featuredmedia":[{"embeddable":true,"href":"https:\/\/www.puzzlemotor.com\/index.php\/wp-json\/wp\/v2\/media\/2369"}],"wp:attachment":[{"href":"https:\/\/www.puzzlemotor.com\/index.php\/wp-json\/wp\/v2\/media?parent=2368"}],"wp:term":[{"taxonomy":"category","embeddable":true,"href":"https:\/\/www.puzzlemotor.com\/index.php\/wp-json\/wp\/v2\/categories?post=2368"},{"taxonomy":"post_tag","embeddable":true,"href":"https:\/\/www.puzzlemotor.com\/index.php\/wp-json\/wp\/v2\/tags?post=2368"}],"curies":[{"name":"wp","href":"https:\/\/api.w.org\/{rel}","templated":true}]}}