{"id":2327,"date":"2021-05-19T08:35:43","date_gmt":"2021-05-19T08:35:43","guid":{"rendered":"https:\/\/www.puzzlemotor.com\/?p=2327"},"modified":"2021-05-19T09:14:11","modified_gmt":"2021-05-19T09:14:11","slug":"podium-para-rafa-gil-y-juan-carlos-gil-en-gandia","status":"publish","type":"post","link":"https:\/\/www.puzzlemotor.com\/index.php\/2021\/05\/19\/podium-para-rafa-gil-y-juan-carlos-gil-en-gandia\/","title":{"rendered":"P\u00f3dium para Rafa Gil y Juan Carlos Gil en Gand\u00eda"},"content":{"rendered":"\t\t<div data-elementor-type=\"wp-post\" data-elementor-id=\"2327\" class=\"elementor elementor-2327\" data-elementor-post-type=\"post\">\n\t\t\t\t\t\t<section class=\"elementor-section elementor-top-section elementor-element elementor-element-68e2fafd elementor-section-boxed elementor-section-height-default elementor-section-height-default\" data-id=\"68e2fafd\" data-element_type=\"section\" data-e-type=\"section\" data-settings=\"{&quot;background_background&quot;:&quot;classic&quot;}\">\n\t\t\t\t\t\t<div class=\"elementor-container elementor-column-gap-no\">\n\t\t\t\t\t<div class=\"elementor-column elementor-col-100 elementor-top-column elementor-element elementor-element-fa2509b\" data-id=\"fa2509b\" data-element_type=\"column\" data-e-type=\"column\">\n\t\t\t<div class=\"elementor-widget-wrap elementor-element-populated\">\n\t\t\t\t\t\t<div class=\"elementor-element elementor-element-64cf14ab elementor-position-inline-end elementor-view-default elementor-mobile-position-block-start elementor-widget elementor-widget-icon-box\" data-id=\"64cf14ab\" data-element_type=\"widget\" data-e-type=\"widget\" data-widget_type=\"icon-box.default\">\n\t\t\t\t<div class=\"elementor-widget-container\">\n\t\t\t\t\t\t\t<div class=\"elementor-icon-box-wrapper\">\n\n\t\t\t\t\t\t<div class=\"elementor-icon-box-icon\">\n\t\t\t\t<span  class=\"elementor-icon\">\n\t\t\t\t<i aria-hidden=\"true\" class=\"fas fa-newspaper\"><\/i>\t\t\t\t<\/span>\n\t\t\t<\/div>\n\t\t\t\n\t\t\t\t\t\t<div class=\"elementor-icon-box-content\">\n\n\t\t\t\t\t\t\t\t\t<span class=\"elementor-icon-box-title\">\n\t\t\t\t\t\t<span  >\n\t\t\t\t\t\t\t19\/05\/2021\t\t\t\t\t\t<\/span>\n\t\t\t\t\t<\/span>\n\t\t\t\t\n\t\t\t\t\n\t\t\t<\/div>\n\t\t\t\n\t\t<\/div>\n\t\t\t\t\t\t<\/div>\n\t\t\t\t<\/div>\n\t\t\t\t\t<\/div>\n\t\t<\/div>\n\t\t\t\t\t<\/div>\n\t\t<\/section>\n\t\t\t\t<section class=\"elementor-section elementor-top-section elementor-element elementor-element-102134ee elementor-section-boxed elementor-section-height-default elementor-section-height-default\" data-id=\"102134ee\" data-element_type=\"section\" data-e-type=\"section\">\n\t\t\t\t\t\t<div class=\"elementor-container elementor-column-gap-no\">\n\t\t\t\t\t<div class=\"elementor-column elementor-col-100 elementor-top-column elementor-element elementor-element-78c42c18\" data-id=\"78c42c18\" data-element_type=\"column\" data-e-type=\"column\">\n\t\t\t<div class=\"elementor-widget-wrap elementor-element-populated\">\n\t\t\t\t\t\t<div class=\"elementor-element elementor-element-77d592d7 elementor-widget elementor-widget-text-editor\" data-id=\"77d592d7\" data-element_type=\"widget\" data-e-type=\"widget\" data-widget_type=\"text-editor.default\">\n\t\t\t\t<div class=\"elementor-widget-container\">\n\t\t\t\t\t\t\t\t\t<p>No podemos tener mejores noticias tras finalizar la d\u00e9cimoquinta edici\u00f3n del Rally Ciutat de Gand\u00eda, en el que logramos la tercera posici\u00f3n de la general scratch con Rafa Gil y Juan Carlos Gil a bordo del Peugeot 208 Rally4.<\/p>\n<p>La primera prueba del regional valenciano de rallyes no pod\u00eda haber empezado mejor para nosotros, pues a pesar de la fuerte competencia en la parte alta de la clasificaci\u00f3n, los hermanos Gil supieron adaptarse al Rally4 y marcar unos tiempos c\u00f3modos y notablemente buenos durante toda la prueba, hecho que les hizo firmar un tercer puesto en la cita inaugural del campeonato a casi minuto y medio de la dupla vencedora de la prueba.<\/p>\n<p>El tercer puesto de los hermanos Gil supone nuestro primer p\u00f3dium absoluto, lo cual nos hace estar gratamente agradecidos a Rafa y a Juan Carlos por su estupendo trabajo en la carretera as\u00ed como la labor de todos los componentes de PuzzleMotor. Esta es solo la primera de muchas que vendr\u00e1n en el futuro, as\u00ed que seguiremos trabajando.<\/p>\n<p>Por lo pronto, este mismo fin de semana ponemos rumbo a Cantabria para estar en el Rallye de Guriezo con Daniel del Villar y Helena Carrasco, qui\u00e9nes pilotar\u00e1n un Peugeot 208 R2 dentro de la Copa R2 MRF Tyres.<\/p>\t\t\t\t\t\t\t\t<\/div>\n\t\t\t\t<\/div>\n\t\t\t\t\t<\/div>\n\t\t<\/div>\n\t\t\t\t\t<\/div>\n\t\t<\/section>\n\t\t\t\t<section class=\"elementor-section elementor-top-section elementor-element elementor-element-45fe8806 elementor-section-boxed elementor-section-height-default elementor-section-height-default\" data-id=\"45fe8806\" data-element_type=\"section\" data-e-type=\"section\">\n\t\t\t\t\t\t<div class=\"elementor-container elementor-column-gap-no\">\n\t\t\t\t\t<div class=\"elementor-column elementor-col-100 elementor-top-column elementor-element elementor-element-12acd8ca\" data-id=\"12acd8ca\" data-element_type=\"column\" data-e-type=\"column\">\n\t\t\t<div class=\"elementor-widget-wrap elementor-element-populated\">\n\t\t\t\t\t\t<div class=\"elementor-element elementor-element-abcb462 elementor-widget elementor-widget-text-editor\" data-id=\"abcb462\" data-element_type=\"widget\" data-e-type=\"widget\" data-widget_type=\"text-editor.default\">\n\t\t\t\t<div class=\"elementor-widget-container\">\n\t\t\t\t\t\t\t\t\t<p><i style=\"word-spacing: normal;\"><b>#puzzlepasion<br><\/b><\/i><i style=\"word-spacing: normal;\"><b>#puzzlerent<\/b><\/i><\/p>\n<p>Turismo As Pontes; #puzzlepasion; As Pontes Motorsport; Concello de As Pontes;&nbsp; PuzzleMotor;&nbsp; Gadis;&nbsp; KobeMotorSport;&nbsp; PuzzleRent; Turini;&nbsp; Yakart;&nbsp; Matojoma; Nauta; Servicio M\u00f3vil; PTC; Doce Sport; Marmolera Pontesa; Begrauto talleres; Macapi;&nbsp; Carrocer\u00edas La Flor;&nbsp; Carpinter\u00eda Caz\u00e1s;&nbsp; O Labrego; Kumho Tyres ASR;&nbsp; Lubricar;&nbsp; Otero Racing Service.<\/p>\t\t\t\t\t\t\t\t<\/div>\n\t\t\t\t<\/div>\n\t\t\t\t\t<\/div>\n\t\t<\/div>\n\t\t\t\t\t<\/div>\n\t\t<\/section>\n\t\t\t\t<\/div>\n\t\t","protected":false},"excerpt":{"rendered":"<p>No podemos tener mejores noticias tras finalizar la 15\u00aa edici\u00f3n del Rally Ciutat de Gand\u00eda, en el que logramos la tercera posici\u00f3n de la general scratch con Rafa Gil y Juan Carlos Gil a bordo del Peugeot 208 Rally4.<\/p>\n","protected":false},"author":1,"featured_media":2334,"comment_status":"closed","ping_status":"open","sticky":false,"template":"","format":"standard","meta":{"footnotes":""},"categories":[2],"tags":[33],"class_list":["post-2327","post","type-post","status-publish","format-standard","has-post-thumbnail","hentry","category-noticias","tag-33"],"_links":{"self":[{"href":"https:\/\/www.puzzlemotor.com\/index.php\/wp-json\/wp\/v2\/posts\/2327","targetHints":{"allow":["GET"]}}],"collection":[{"href":"https:\/\/www.puzzlemotor.com\/index.php\/wp-json\/wp\/v2\/posts"}],"about":[{"href":"https:\/\/www.puzzlemotor.com\/index.php\/wp-json\/wp\/v2\/types\/post"}],"author":[{"embeddable":true,"href":"https:\/\/www.puzzlemotor.com\/index.php\/wp-json\/wp\/v2\/users\/1"}],"replies":[{"embeddable":true,"href":"https:\/\/www.puzzlemotor.com\/index.php\/wp-json\/wp\/v2\/comments?post=2327"}],"version-history":[{"count":8,"href":"https:\/\/www.puzzlemotor.com\/index.php\/wp-json\/wp\/v2\/posts\/2327\/revisions"}],"predecessor-version":[{"id":2339,"href":"https:\/\/www.puzzlemotor.com\/index.php\/wp-json\/wp\/v2\/posts\/2327\/revisions\/2339"}],"wp:featuredmedia":[{"embeddable":true,"href":"https:\/\/www.puzzlemotor.com\/index.php\/wp-json\/wp\/v2\/media\/2334"}],"wp:attachment":[{"href":"https:\/\/www.puzzlemotor.com\/index.php\/wp-json\/wp\/v2\/media?parent=2327"}],"wp:term":[{"taxonomy":"category","embeddable":true,"href":"https:\/\/www.puzzlemotor.com\/index.php\/wp-json\/wp\/v2\/categories?post=2327"},{"taxonomy":"post_tag","embeddable":true,"href":"https:\/\/www.puzzlemotor.com\/index.php\/wp-json\/wp\/v2\/tags?post=2327"}],"curies":[{"name":"wp","href":"https:\/\/api.w.org\/{rel}","templated":true}]}}