{"id":2321,"date":"2021-05-14T08:33:26","date_gmt":"2021-05-14T08:33:26","guid":{"rendered":"https:\/\/www.puzzlemotor.com\/?p=2321"},"modified":"2021-05-14T08:35:58","modified_gmt":"2021-05-14T08:35:58","slug":"dorsal-11-para-rafa-y-juan-carlos-gil-en-gandia-primera-prueba-del-valenciano-de-rallyes","status":"publish","type":"post","link":"https:\/\/www.puzzlemotor.com\/index.php\/2021\/05\/14\/dorsal-11-para-rafa-y-juan-carlos-gil-en-gandia-primera-prueba-del-valenciano-de-rallyes\/","title":{"rendered":"Dorsal 11 para Rafa y Juan Carlos Gil en Gand\u00eda, primera prueba del valenciano de rallyes"},"content":{"rendered":"\t\t<div data-elementor-type=\"wp-post\" data-elementor-id=\"2321\" class=\"elementor elementor-2321\" data-elementor-post-type=\"post\">\n\t\t\t\t\t\t<section class=\"elementor-section elementor-top-section elementor-element elementor-element-68e2fafd elementor-section-boxed elementor-section-height-default elementor-section-height-default\" data-id=\"68e2fafd\" data-element_type=\"section\" data-e-type=\"section\" data-settings=\"{&quot;background_background&quot;:&quot;classic&quot;}\">\n\t\t\t\t\t\t<div class=\"elementor-container elementor-column-gap-no\">\n\t\t\t\t\t<div class=\"elementor-column elementor-col-100 elementor-top-column elementor-element elementor-element-fa2509b\" data-id=\"fa2509b\" data-element_type=\"column\" data-e-type=\"column\">\n\t\t\t<div class=\"elementor-widget-wrap elementor-element-populated\">\n\t\t\t\t\t\t<div class=\"elementor-element elementor-element-64cf14ab elementor-position-inline-end elementor-view-default elementor-mobile-position-block-start elementor-widget elementor-widget-icon-box\" data-id=\"64cf14ab\" data-element_type=\"widget\" data-e-type=\"widget\" data-widget_type=\"icon-box.default\">\n\t\t\t\t<div class=\"elementor-widget-container\">\n\t\t\t\t\t\t\t<div class=\"elementor-icon-box-wrapper\">\n\n\t\t\t\t\t\t<div class=\"elementor-icon-box-icon\">\n\t\t\t\t<span  class=\"elementor-icon\">\n\t\t\t\t<i aria-hidden=\"true\" class=\"fas fa-newspaper\"><\/i>\t\t\t\t<\/span>\n\t\t\t<\/div>\n\t\t\t\n\t\t\t\t\t\t<div class=\"elementor-icon-box-content\">\n\n\t\t\t\t\t\t\t\t\t<span class=\"elementor-icon-box-title\">\n\t\t\t\t\t\t<span  >\n\t\t\t\t\t\t\t14\/05\/2021\t\t\t\t\t\t<\/span>\n\t\t\t\t\t<\/span>\n\t\t\t\t\n\t\t\t\t\n\t\t\t<\/div>\n\t\t\t\n\t\t<\/div>\n\t\t\t\t\t\t<\/div>\n\t\t\t\t<\/div>\n\t\t\t\t\t<\/div>\n\t\t<\/div>\n\t\t\t\t\t<\/div>\n\t\t<\/section>\n\t\t\t\t<section class=\"elementor-section elementor-top-section elementor-element elementor-element-102134ee elementor-section-boxed elementor-section-height-default elementor-section-height-default\" data-id=\"102134ee\" data-element_type=\"section\" data-e-type=\"section\">\n\t\t\t\t\t\t<div class=\"elementor-container elementor-column-gap-no\">\n\t\t\t\t\t<div class=\"elementor-column elementor-col-100 elementor-top-column elementor-element elementor-element-78c42c18\" data-id=\"78c42c18\" data-element_type=\"column\" data-e-type=\"column\">\n\t\t\t<div class=\"elementor-widget-wrap elementor-element-populated\">\n\t\t\t\t\t\t<div class=\"elementor-element elementor-element-77d592d7 elementor-widget elementor-widget-text-editor\" data-id=\"77d592d7\" data-element_type=\"widget\" data-e-type=\"widget\" data-widget_type=\"text-editor.default\">\n\t\t\t\t<div class=\"elementor-widget-container\">\n\t\t\t\t\t\t\t\t\t<p>PuzzleMotor se pone de nuevo en marcha en la Comunidad Valenciana con la disputa del Rally Ciutat de Gand\u00eda, pues all\u00ed estar\u00e1n Rafa Gil y Juan Carlos Gil con el Peugeot 208 Rally4 del equipo.<\/p><p>La estructura gallega ya est\u00e1 de camino a la prueba, que cumple nada m\u00e1s y nada menos que quince ediciones esta misma campa\u00f1a. La orgaizaci\u00f3n ha planteado un formato de seis tramos, tres a doble pasada, sumando alrededor de 75 kil\u00f3metros de lucha contra el crono a lo largo de todo el s\u00e1bado 15 de mayo.<\/p><p>Con m\u00e1s de 80 equipos en la rampa de salida, los hermanos Gil tratar\u00e1n de seguir con las buenas sensaciones obtenidas con el 208 Rally4 en Llucena para llevarse el oro en lo referente a los veh\u00edculos de las dos ruedas motrices, as\u00ed como pelear por puestos de p\u00f3dium a pesar de la fuerte competencia en la parte alta de la clasificaci\u00f3n.<\/p><p>No ser\u00e1 el \u00fanico compromiso de Puzzle en este mes de mayo, pues la semana siguiente el equipo volver\u00e1 a Cantabria para disputar el Rallye de Guriezo con un Peugeot 208 R2.<\/p>\t\t\t\t\t\t\t\t<\/div>\n\t\t\t\t<\/div>\n\t\t\t\t\t<\/div>\n\t\t<\/div>\n\t\t\t\t\t<\/div>\n\t\t<\/section>\n\t\t\t\t<section class=\"elementor-section elementor-top-section elementor-element elementor-element-45fe8806 elementor-section-boxed elementor-section-height-default elementor-section-height-default\" data-id=\"45fe8806\" data-element_type=\"section\" data-e-type=\"section\">\n\t\t\t\t\t\t<div class=\"elementor-container elementor-column-gap-no\">\n\t\t\t\t\t<div class=\"elementor-column elementor-col-100 elementor-top-column elementor-element elementor-element-12acd8ca\" data-id=\"12acd8ca\" data-element_type=\"column\" data-e-type=\"column\">\n\t\t\t<div class=\"elementor-widget-wrap elementor-element-populated\">\n\t\t\t\t\t\t<div class=\"elementor-element elementor-element-abcb462 elementor-widget elementor-widget-text-editor\" data-id=\"abcb462\" data-element_type=\"widget\" data-e-type=\"widget\" data-widget_type=\"text-editor.default\">\n\t\t\t\t<div class=\"elementor-widget-container\">\n\t\t\t\t\t\t\t\t\t<p><i style=\"word-spacing: normal;\"><b>#puzzlepasion<br><\/b><\/i><i style=\"word-spacing: normal;\"><b>#puzzlerent<\/b><\/i><\/p>\n<p>Turismo As Pontes; #puzzlepasion; As Pontes Motorsport; Concello de As Pontes;&nbsp; PuzzleMotor;&nbsp; Gadis;&nbsp; KobeMotorSport;&nbsp; PuzzleRent; Turini;&nbsp; Yakart;&nbsp; Matojoma; Nauta; Servicio M\u00f3vil; PTC; Doce Sport; Marmolera Pontesa; Begrauto talleres; Macapi;&nbsp; Carrocer\u00edas La Flor;&nbsp; Carpinter\u00eda Caz\u00e1s;&nbsp; O Labrego; Kumho Tyres ASR;&nbsp; Lubricar;&nbsp; Otero Racing Service.<\/p>\t\t\t\t\t\t\t\t<\/div>\n\t\t\t\t<\/div>\n\t\t\t\t\t<\/div>\n\t\t<\/div>\n\t\t\t\t\t<\/div>\n\t\t<\/section>\n\t\t\t\t<\/div>\n\t\t","protected":false},"excerpt":{"rendered":"<p>PuzzleMotor se pone de nuevo en marcha en la Comunidad Valenciana con la disputa del Rally Ciutat de Gand\u00eda, pues all\u00ed estar\u00e1n Rafa Gil y Juan Carlos Gil con el Peugeot 208 Rally4 del equipo.<\/p>\n","protected":false},"author":1,"featured_media":2322,"comment_status":"closed","ping_status":"open","sticky":false,"template":"","format":"standard","meta":{"footnotes":""},"categories":[2],"tags":[33],"class_list":["post-2321","post","type-post","status-publish","format-standard","has-post-thumbnail","hentry","category-noticias","tag-33"],"_links":{"self":[{"href":"https:\/\/www.puzzlemotor.com\/index.php\/wp-json\/wp\/v2\/posts\/2321","targetHints":{"allow":["GET"]}}],"collection":[{"href":"https:\/\/www.puzzlemotor.com\/index.php\/wp-json\/wp\/v2\/posts"}],"about":[{"href":"https:\/\/www.puzzlemotor.com\/index.php\/wp-json\/wp\/v2\/types\/post"}],"author":[{"embeddable":true,"href":"https:\/\/www.puzzlemotor.com\/index.php\/wp-json\/wp\/v2\/users\/1"}],"replies":[{"embeddable":true,"href":"https:\/\/www.puzzlemotor.com\/index.php\/wp-json\/wp\/v2\/comments?post=2321"}],"version-history":[{"count":4,"href":"https:\/\/www.puzzlemotor.com\/index.php\/wp-json\/wp\/v2\/posts\/2321\/revisions"}],"predecessor-version":[{"id":2326,"href":"https:\/\/www.puzzlemotor.com\/index.php\/wp-json\/wp\/v2\/posts\/2321\/revisions\/2326"}],"wp:featuredmedia":[{"embeddable":true,"href":"https:\/\/www.puzzlemotor.com\/index.php\/wp-json\/wp\/v2\/media\/2322"}],"wp:attachment":[{"href":"https:\/\/www.puzzlemotor.com\/index.php\/wp-json\/wp\/v2\/media?parent=2321"}],"wp:term":[{"taxonomy":"category","embeddable":true,"href":"https:\/\/www.puzzlemotor.com\/index.php\/wp-json\/wp\/v2\/categories?post=2321"},{"taxonomy":"post_tag","embeddable":true,"href":"https:\/\/www.puzzlemotor.com\/index.php\/wp-json\/wp\/v2\/tags?post=2321"}],"curies":[{"name":"wp","href":"https:\/\/api.w.org\/{rel}","templated":true}]}}