{"id":2188,"date":"2020-12-29T11:10:31","date_gmt":"2020-12-29T11:10:31","guid":{"rendered":"https:\/\/www.puzzlemotor.com\/?p=2188"},"modified":"2021-07-28T16:31:57","modified_gmt":"2021-07-28T16:31:57","slug":"puzzlemotor-cierra-un-ano-fantastico-en-el-motorsport","status":"publish","type":"post","link":"https:\/\/www.puzzlemotor.com\/index.php\/2020\/12\/29\/puzzlemotor-cierra-un-ano-fantastico-en-el-motorsport\/","title":{"rendered":"PuzzleMotor cierra un a\u00f1o fant\u00e1stico en el motorsport"},"content":{"rendered":"\t\t<div data-elementor-type=\"wp-post\" data-elementor-id=\"2188\" class=\"elementor elementor-2188\" data-elementor-post-type=\"post\">\n\t\t\t\t\t\t<section class=\"elementor-section elementor-top-section elementor-element elementor-element-68e2fafd elementor-section-boxed elementor-section-height-default elementor-section-height-default\" data-id=\"68e2fafd\" data-element_type=\"section\" data-e-type=\"section\" data-settings=\"{&quot;background_background&quot;:&quot;classic&quot;}\">\n\t\t\t\t\t\t<div class=\"elementor-container elementor-column-gap-no\">\n\t\t\t\t\t<div class=\"elementor-column elementor-col-100 elementor-top-column elementor-element elementor-element-fa2509b\" data-id=\"fa2509b\" data-element_type=\"column\" data-e-type=\"column\">\n\t\t\t<div class=\"elementor-widget-wrap elementor-element-populated\">\n\t\t\t\t\t\t<div class=\"elementor-element elementor-element-64cf14ab elementor-position-inline-end elementor-view-default elementor-mobile-position-block-start elementor-widget elementor-widget-icon-box\" data-id=\"64cf14ab\" data-element_type=\"widget\" data-e-type=\"widget\" data-widget_type=\"icon-box.default\">\n\t\t\t\t<div class=\"elementor-widget-container\">\n\t\t\t\t\t\t\t<div class=\"elementor-icon-box-wrapper\">\n\n\t\t\t\t\t\t<div class=\"elementor-icon-box-icon\">\n\t\t\t\t<span  class=\"elementor-icon\">\n\t\t\t\t<i aria-hidden=\"true\" class=\"fas fa-newspaper\"><\/i>\t\t\t\t<\/span>\n\t\t\t<\/div>\n\t\t\t\n\t\t\t\t\t\t<div class=\"elementor-icon-box-content\">\n\n\t\t\t\t\t\t\t\t\t<span class=\"elementor-icon-box-title\">\n\t\t\t\t\t\t<span  >\n\t\t\t\t\t\t\t29\/12\/2020\t\t\t\t\t\t<\/span>\n\t\t\t\t\t<\/span>\n\t\t\t\t\n\t\t\t\t\n\t\t\t<\/div>\n\t\t\t\n\t\t<\/div>\n\t\t\t\t\t\t<\/div>\n\t\t\t\t<\/div>\n\t\t\t\t\t<\/div>\n\t\t<\/div>\n\t\t\t\t\t<\/div>\n\t\t<\/section>\n\t\t\t\t<section class=\"elementor-section elementor-top-section elementor-element elementor-element-102134ee elementor-section-boxed elementor-section-height-default elementor-section-height-default\" data-id=\"102134ee\" data-element_type=\"section\" data-e-type=\"section\">\n\t\t\t\t\t\t<div class=\"elementor-container elementor-column-gap-no\">\n\t\t\t\t\t<div class=\"elementor-column elementor-col-100 elementor-top-column elementor-element elementor-element-78c42c18\" data-id=\"78c42c18\" data-element_type=\"column\" data-e-type=\"column\">\n\t\t\t<div class=\"elementor-widget-wrap elementor-element-populated\">\n\t\t\t\t\t\t<div class=\"elementor-element elementor-element-77d592d7 elementor-widget elementor-widget-text-editor\" data-id=\"77d592d7\" data-element_type=\"widget\" data-e-type=\"widget\" data-widget_type=\"text-editor.default\">\n\t\t\t\t<div class=\"elementor-widget-container\">\n\t\t\t\t\t\t\t\t\t<p>Las \u00faltimas pruebas disputadas del equipo dejan un sabor dulce para finalizar el a\u00f1o. Con Rafa Gil al volante del Peugeot 208 R2 y copilotado por Juan Carlos Gil en el Rally Ciutat de Valencia, el equipo logr\u00f3 una sexta posici\u00f3n de la general y un p\u00f3dium en la clase con el segundo puesto, cerrando un a\u00f1o para ellos impecable en el que Juan Carlos Gil lograba el t\u00edtulo de copilotos de la Comunidad Valenciana.<\/p><p>La Subida al Garb\u00ed, disputada los d\u00edas 12 y 13 de diciembre, volv\u00eda a tener los mismos protagonistas, esta vez por separado. Los hermanos se pon\u00edan al volante del Peugeot R2 (Rafa Gil) y del peque\u00f1o Toyota Aygo (Juan Carlos Gil) para lograr, por parte de Rafa, un estupendo quinto puesto entre los carrozados y Juan Carlos logrando la primera posici\u00f3n de la N3, resultado que le permite ser campe\u00f3n de la categor\u00eda de la disciplina.<\/p>\t\t\t\t\t\t\t\t<\/div>\n\t\t\t\t<\/div>\n\t\t\t\t\t<\/div>\n\t\t<\/div>\n\t\t\t\t\t<\/div>\n\t\t<\/section>\n\t\t\t\t<section class=\"elementor-section elementor-top-section elementor-element elementor-element-68f8fea elementor-section-boxed elementor-section-height-default elementor-section-height-default\" data-id=\"68f8fea\" data-element_type=\"section\" data-e-type=\"section\">\n\t\t\t\t\t\t<div class=\"elementor-container elementor-column-gap-no\">\n\t\t\t\t\t<div class=\"elementor-column elementor-col-100 elementor-top-column elementor-element elementor-element-078b057\" data-id=\"078b057\" data-element_type=\"column\" data-e-type=\"column\">\n\t\t\t<div class=\"elementor-widget-wrap elementor-element-populated\">\n\t\t\t\t\t\t<div class=\"elementor-element elementor-element-9f4f97e elementor-widget elementor-widget-text-editor\" data-id=\"9f4f97e\" data-element_type=\"widget\" data-e-type=\"widget\" data-widget_type=\"text-editor.default\">\n\t\t\t\t<div class=\"elementor-widget-container\">\n\t\t\t\t\t\t\t\t\t<p>Por \u00faltimo, el Tramo Cronometrado Dehesa del Ej\u00e9rcito se disputaba en piso madrile\u00f1o con Antonio Otero y Rebeca Arellano logrando una exitosa tercera plaza entre los turismos con el Peugeot 208 R2 haciendo de este modo un p\u00f3dium virtual con Jos\u00e9 Luis Pel\u00e1ez &#8211; Rodolfo del Barrio como primeros, Alberto Monarri y Borja Rozada como segundos clasificados y con los mencionados Antonio Otero y Rebeca Arellano en tercera posici\u00f3n.<\/p><p>Una temporada 2020 corta y at\u00edpica pero que deja para los equipos que conf\u00edan en Puzzlemotor los siguientes resultados:<\/p><p>&#8211; Unai Garc\u00eda y Eguzki\u00f1e Enr\u00edquez: Campeones de Espa\u00f1a de la categor\u00eda N3 y del Desaf\u00edo N3.<br \/>&#8211; Juan Carlos Gil: Campe\u00f3n de copilotos del regional de la Comunidad Valenciana<br \/>&#8211; Juan Carlos Gil: Campe\u00f3n de la Comunidad Valenciana en la especialidad de monta\u00f1a en la categor\u00eda N3<\/p>\t\t\t\t\t\t\t\t<\/div>\n\t\t\t\t<\/div>\n\t\t\t\t\t<\/div>\n\t\t<\/div>\n\t\t\t\t\t<\/div>\n\t\t<\/section>\n\t\t\t\t<section class=\"elementor-section elementor-top-section elementor-element elementor-element-45fe8806 elementor-section-boxed elementor-section-height-default elementor-section-height-default\" data-id=\"45fe8806\" data-element_type=\"section\" data-e-type=\"section\">\n\t\t\t\t\t\t<div class=\"elementor-container elementor-column-gap-no\">\n\t\t\t\t\t<div class=\"elementor-column elementor-col-100 elementor-top-column elementor-element elementor-element-12acd8ca\" data-id=\"12acd8ca\" data-element_type=\"column\" data-e-type=\"column\">\n\t\t\t<div class=\"elementor-widget-wrap elementor-element-populated\">\n\t\t\t\t\t\t<div class=\"elementor-element elementor-element-abcb462 elementor-widget elementor-widget-text-editor\" data-id=\"abcb462\" data-element_type=\"widget\" data-e-type=\"widget\" data-widget_type=\"text-editor.default\">\n\t\t\t\t<div class=\"elementor-widget-container\">\n\t\t\t\t\t\t\t\t\t<p><i style=\"word-spacing: normal;\"><b>#puzzlepasion<br><\/b><\/i><i style=\"word-spacing: normal;\"><b>#puzzlerent<\/b><\/i><\/p>\n<p>Turismo As Pontes; #puzzlepasion; As Pontes Motorsport; Concello de As Pontes;&nbsp; PuzzleMotor;&nbsp; Gadis;&nbsp; KobeMotorSport;&nbsp; PuzzleRent; Turini;&nbsp; Yakart;&nbsp; Matojoma; Nauta; Servicio M\u00f3vil; PTC; Doce Sport; Marmolera Pontesa; Begrauto talleres; Macapi;&nbsp; Carrocer\u00edas La Flor;&nbsp; Carpinter\u00eda Caz\u00e1s;&nbsp; O Labrego; Kumho Tyres ASR;&nbsp; Lubricar;&nbsp; Otero Racing Service.<\/p>\n<h6><em>Foto: Pablo Gil<\/em><\/h6>\t\t\t\t\t\t\t\t<\/div>\n\t\t\t\t<\/div>\n\t\t\t\t\t<\/div>\n\t\t<\/div>\n\t\t\t\t\t<\/div>\n\t\t<\/section>\n\t\t\t\t<\/div>\n\t\t","protected":false},"excerpt":{"rendered":"<p>Las \u00faltimas pruebas disputadas del equipo dejan un sabor dulce para finalizar el a\u00f1o. <\/p>\n<p>Varios campeonatos conseguidos convierten esta at\u00edpica temporada para todos en un a\u00f1o con grandes logros.<\/p>\n","protected":false},"author":1,"featured_media":2190,"comment_status":"closed","ping_status":"open","sticky":false,"template":"","format":"standard","meta":{"footnotes":""},"categories":[2],"tags":[30],"class_list":["post-2188","post","type-post","status-publish","format-standard","has-post-thumbnail","hentry","category-noticias","tag-30"],"_links":{"self":[{"href":"https:\/\/www.puzzlemotor.com\/index.php\/wp-json\/wp\/v2\/posts\/2188","targetHints":{"allow":["GET"]}}],"collection":[{"href":"https:\/\/www.puzzlemotor.com\/index.php\/wp-json\/wp\/v2\/posts"}],"about":[{"href":"https:\/\/www.puzzlemotor.com\/index.php\/wp-json\/wp\/v2\/types\/post"}],"author":[{"embeddable":true,"href":"https:\/\/www.puzzlemotor.com\/index.php\/wp-json\/wp\/v2\/users\/1"}],"replies":[{"embeddable":true,"href":"https:\/\/www.puzzlemotor.com\/index.php\/wp-json\/wp\/v2\/comments?post=2188"}],"version-history":[{"count":13,"href":"https:\/\/www.puzzlemotor.com\/index.php\/wp-json\/wp\/v2\/posts\/2188\/revisions"}],"predecessor-version":[{"id":2537,"href":"https:\/\/www.puzzlemotor.com\/index.php\/wp-json\/wp\/v2\/posts\/2188\/revisions\/2537"}],"wp:featuredmedia":[{"embeddable":true,"href":"https:\/\/www.puzzlemotor.com\/index.php\/wp-json\/wp\/v2\/media\/2190"}],"wp:attachment":[{"href":"https:\/\/www.puzzlemotor.com\/index.php\/wp-json\/wp\/v2\/media?parent=2188"}],"wp:term":[{"taxonomy":"category","embeddable":true,"href":"https:\/\/www.puzzlemotor.com\/index.php\/wp-json\/wp\/v2\/categories?post=2188"},{"taxonomy":"post_tag","embeddable":true,"href":"https:\/\/www.puzzlemotor.com\/index.php\/wp-json\/wp\/v2\/tags?post=2188"}],"curies":[{"name":"wp","href":"https:\/\/api.w.org\/{rel}","templated":true}]}}